{"id":207,"date":"2022-08-10T11:55:05","date_gmt":"2022-08-10T14:55:05","guid":{"rendered":"http:\/\/blog.santoantonioimobiliaria.com.br\/?p=207"},"modified":"2022-08-10T11:55:05","modified_gmt":"2022-08-10T14:55:05","slug":"infinito-particular-e-tema-dos-28-espacos-da-casacor-santa-catarina-2022","status":"publish","type":"post","link":"http:\/\/blog.santoantonioimobiliaria.com.br\/?p=207","title":{"rendered":"\u201cInfinito Particular\u201d \u00e9 tema dos 28 espa\u00e7os da CASACOR\/Santa Catarina 2022"},"content":{"rendered":"\n<p>Um tema que rende m\u00faltiplas interpreta\u00e7\u00f5es. A diversidade de narrativas acerca do \u201cInfinito Particular\u201d nos 28 espa\u00e7os da CASACOR\/Santa Catarina 2022 ter\u00e1 como endere\u00e7o a Escola Silveira de Souza em Florian\u00f3polis. Muito al\u00e9m do pr\u00e9dio centen\u00e1rio que ser\u00e1 devolvido \u00e0 cidade ap\u00f3s a passagem da mostra catarinense e abrigar\u00e1 um novo centro cultural, novas estruturas est\u00e3o sendo erguidas para seguir funcionando com o pr\u00e9dio.<\/p>\n\n\n\n<p>\u201cNa parte externa da casa, algumas estruturas est\u00e3o sendo erguidas e v\u00e3o ficar ap\u00f3s a conclus\u00e3o da mostra. O caf\u00e9 \u00e9 um deles e tamb\u00e9m os banheiros que configuram o atual momento do patrim\u00f4nio na din\u00e2mica da cidade\u201d, comentam Francis e Luiz Bernardo, \u00e0 frente da CASACOR\/Santa Catarina.<\/p>\n\n\n\n<p>De propostas residenciais, comerciais, gastron\u00f4micas a espa\u00e7os externos, o percurso formado por 28 projetos ir\u00e1 retratar a funcionalidade e discursos contempor\u00e2neos em sintonia com o tema. D\u00e1 para acompanhar a evolu\u00e7\u00e3o dos ambientes no perfil da @casacorsc<\/p>\n","protected":false},"excerpt":{"rendered":"<p>Um tema que rende m\u00faltiplas interpreta\u00e7\u00f5es. A diversidade de narrativas acerca do \u201cInfinito Particular\u201d nos 28 espa\u00e7os da CASACOR\/Santa Catarina 2022 ter\u00e1 como endere\u00e7o a Escola Silveira de Souza em Florian\u00f3polis. Muito al\u00e9m do pr\u00e9dio centen\u00e1rio que ser\u00e1 devolvido \u00e0 cidade ap\u00f3s a passagem da mostra catarinense e abrigar\u00e1 um&#8230;<\/p>\n","protected":false},"author":1,"featured_media":208,"comment_status":"closed","ping_status":"closed","sticky":false,"template":"","format":"standard","meta":[],"categories":[1],"tags":[],"_links":{"self":[{"href":"http:\/\/blog.santoantonioimobiliaria.com.br\/index.php?rest_route=\/wp\/v2\/posts\/207"}],"collection":[{"href":"http:\/\/blog.santoantonioimobiliaria.com.br\/index.php?rest_route=\/wp\/v2\/posts"}],"about":[{"href":"http:\/\/blog.santoantonioimobiliaria.com.br\/index.php?rest_route=\/wp\/v2\/types\/post"}],"author":[{"embeddable":true,"href":"http:\/\/blog.santoantonioimobiliaria.com.br\/index.php?rest_route=\/wp\/v2\/users\/1"}],"replies":[{"embeddable":true,"href":"http:\/\/blog.santoantonioimobiliaria.com.br\/index.php?rest_route=%2Fwp%2Fv2%2Fcomments&post=207"}],"version-history":[{"count":1,"href":"http:\/\/blog.santoantonioimobiliaria.com.br\/index.php?rest_route=\/wp\/v2\/posts\/207\/revisions"}],"predecessor-version":[{"id":209,"href":"http:\/\/blog.santoantonioimobiliaria.com.br\/index.php?rest_route=\/wp\/v2\/posts\/207\/revisions\/209"}],"wp:featuredmedia":[{"embeddable":true,"href":"http:\/\/blog.santoantonioimobiliaria.com.br\/index.php?rest_route=\/wp\/v2\/media\/208"}],"wp:attachment":[{"href":"http:\/\/blog.santoantonioimobiliaria.com.br\/index.php?rest_route=%2Fwp%2Fv2%2Fmedia&parent=207"}],"wp:term":[{"taxonomy":"category","embeddable":true,"href":"http:\/\/blog.santoantonioimobiliaria.com.br\/index.php?rest_route=%2Fwp%2Fv2%2Fcategories&post=207"},{"taxonomy":"post_tag","embeddable":true,"href":"http:\/\/blog.santoantonioimobiliaria.com.br\/index.php?rest_route=%2Fwp%2Fv2%2Ftags&post=207"}],"curies":[{"name":"wp","href":"https:\/\/api.w.org\/{rel}","templated":true}]}}