{"id":221,"date":"2022-08-23T15:50:03","date_gmt":"2022-08-23T18:50:03","guid":{"rendered":"http:\/\/blog.santoantonioimobiliaria.com.br\/?p=221"},"modified":"2022-08-23T15:50:03","modified_gmt":"2022-08-23T18:50:03","slug":"evento-reune-empresarios-do-ramo-imobiliario-e-autoridades-em-florianopolis","status":"publish","type":"post","link":"http:\/\/blog.santoantonioimobiliaria.com.br\/?p=221","title":{"rendered":"Evento re\u00fane empres\u00e1rios do ramo imobili\u00e1rio e autoridades em Florian\u00f3polis"},"content":{"rendered":"\n<p>Aconteceu na \u00faltima semana, no Hotel Majestic, em Florian\u00f3polis, o evento em comemora\u00e7\u00e3o aos 21 anos do Instituto do Corretor e lan\u00e7amento da Faculdade Bemtevi. Compareceram ao evento mais de 350 pessoas, entre elas autoridades e empresas ligadas ao segmento de constru\u00e7\u00e3o e imobili\u00e1rio de todo o estado.<\/p>\n\n\n\n<p>Ademar Meirelles, fundador do IDC, contou ao p\u00fablico presente um pouco de sua hist\u00f3ria com a educa\u00e7\u00e3o, inclusive trazendo ao palco a sua professora da \u00e9poca em que era crian\u00e7a, e em momento emocionante passou a dire\u00e7\u00e3o do IDC ao filho, Leonardo Meirelles, para poder se dedicar a Faculdade Bemtevi.<\/p>\n\n\n\n<p>Gaspar Collet Pereira, coordenador do curso de Processos Gerenciais da nova faculdade do Grupo, levou a p\u00fablico detalhes do curso que chega para atender a demanda de empres\u00e1rios, gestores e todos aqueles que localizam na ger\u00eancia o centro magn\u00e9tico de um neg\u00f3cio de sucesso.<\/p>\n\n\n\n<p>Al\u00e9m desse momento especial, o evento ainda contou com uma cerim\u00f4nia r\u00e1pida de entrega de certificados aos novos Corretores de Im\u00f3veis formados pelo IDC. O evento encerrou com reconhecimento a destaques do mercado de Corretores de Im\u00f3veis, Imobili\u00e1rias e Construtoras de Santa Catarina. Ao final, foi realizada uma confraterniza\u00e7\u00e3o no local.<\/p>\n","protected":false},"excerpt":{"rendered":"<p>Aconteceu na \u00faltima semana, no Hotel Majestic, em Florian\u00f3polis, o evento em comemora\u00e7\u00e3o aos 21 anos do Instituto do Corretor e lan\u00e7amento da Faculdade Bemtevi. Compareceram ao evento mais de 350 pessoas, entre elas autoridades e empresas ligadas ao segmento de constru\u00e7\u00e3o e imobili\u00e1rio de todo o estado. Ademar Meirelles,&#8230;<\/p>\n","protected":false},"author":1,"featured_media":222,"comment_status":"closed","ping_status":"closed","sticky":false,"template":"","format":"standard","meta":[],"categories":[1],"tags":[],"_links":{"self":[{"href":"http:\/\/blog.santoantonioimobiliaria.com.br\/index.php?rest_route=\/wp\/v2\/posts\/221"}],"collection":[{"href":"http:\/\/blog.santoantonioimobiliaria.com.br\/index.php?rest_route=\/wp\/v2\/posts"}],"about":[{"href":"http:\/\/blog.santoantonioimobiliaria.com.br\/index.php?rest_route=\/wp\/v2\/types\/post"}],"author":[{"embeddable":true,"href":"http:\/\/blog.santoantonioimobiliaria.com.br\/index.php?rest_route=\/wp\/v2\/users\/1"}],"replies":[{"embeddable":true,"href":"http:\/\/blog.santoantonioimobiliaria.com.br\/index.php?rest_route=%2Fwp%2Fv2%2Fcomments&post=221"}],"version-history":[{"count":1,"href":"http:\/\/blog.santoantonioimobiliaria.com.br\/index.php?rest_route=\/wp\/v2\/posts\/221\/revisions"}],"predecessor-version":[{"id":223,"href":"http:\/\/blog.santoantonioimobiliaria.com.br\/index.php?rest_route=\/wp\/v2\/posts\/221\/revisions\/223"}],"wp:featuredmedia":[{"embeddable":true,"href":"http:\/\/blog.santoantonioimobiliaria.com.br\/index.php?rest_route=\/wp\/v2\/media\/222"}],"wp:attachment":[{"href":"http:\/\/blog.santoantonioimobiliaria.com.br\/index.php?rest_route=%2Fwp%2Fv2%2Fmedia&parent=221"}],"wp:term":[{"taxonomy":"category","embeddable":true,"href":"http:\/\/blog.santoantonioimobiliaria.com.br\/index.php?rest_route=%2Fwp%2Fv2%2Fcategories&post=221"},{"taxonomy":"post_tag","embeddable":true,"href":"http:\/\/blog.santoantonioimobiliaria.com.br\/index.php?rest_route=%2Fwp%2Fv2%2Ftags&post=221"}],"curies":[{"name":"wp","href":"https:\/\/api.w.org\/{rel}","templated":true}]}}