{"id":296,"date":"2023-02-15T10:06:03","date_gmt":"2023-02-15T12:06:03","guid":{"rendered":"http:\/\/blog.santoantonioimobiliaria.com.br\/?p=296"},"modified":"2023-02-15T10:06:03","modified_gmt":"2023-02-15T12:06:03","slug":"turiste-no-lindissimo-museu-historico-de-santa-catarina-cruz-e-souza","status":"publish","type":"post","link":"http:\/\/blog.santoantonioimobiliaria.com.br\/?p=296","title":{"rendered":"Turiste no lind\u00edssimo Museu Hist\u00f3rico de Santa Catarina, Cruz e Souza"},"content":{"rendered":"\n<p>Criado pela Lei Estadual n\u00ba 5.476, de 4 de outubro de 1978, o Museu Hist\u00f3rico de Santa Catarina (MHSC) teve sua abertura na Casa da Alf\u00e2ndega, em Florian\u00f3polis, realizada em 2 de mar\u00e7o de 1979, conforme termo de abertura assinado pelo Secretario da Educa\u00e7\u00e3o e Cultura, Professor M\u00e1rcio Cesar Moraes.&nbsp;&nbsp;Dez est\u00e1tuas aleg\u00f3ricas esculpidas pelo artista italiano Gabriel Silva ornamentam a parte externa do pr\u00e9dio, coroando as platibandas. Entre elas, a padroeira do estado, Santa Catarina; a ninfa evocativa dos mares, Anfitrite; e o deus mitol\u00f3gico Merc\u00fario, compondo com duas barricas, alegoria alusiva ao com\u00e9rcio e \u00e0 ind\u00fastria catarinenses, respectivamente, sendo o \u00faltimo localizado no alto da fachada lateral, \u00e0 direita. Os ladrilhos da cal\u00e7ada \u00e0 frente do pal\u00e1cio&nbsp;foram importados e assentados no ano de 1910.A&nbsp;partir de 2005 foram retomados os trabalhos de restaura\u00e7\u00e3o das pinturas decorativas das paredes internas e dos forros de estuque, tratamento emergencial necess\u00e1rio, que vem sendo realizado por uma equipe de profissionais qualificados, dentro de rigorosos crit\u00e9rios t\u00e9cnicos. Quem visita o Museu pode acompanhar as etapas da restaura\u00e7\u00e3o.&nbsp;&nbsp;Voc\u00ea j\u00e1 conhece este imponente Museu? Conte pra gente! Comente e compartilhe essa dica!#museu #cultura #entretenimento #florianopolis #floripa #imobiliariasantoantonio<\/p>\n","protected":false},"excerpt":{"rendered":"<p>Criado pela Lei Estadual n\u00ba 5.476, de 4 de outubro de 1978, o Museu Hist\u00f3rico de Santa Catarina (MHSC) teve sua abertura na Casa da Alf\u00e2ndega, em Florian\u00f3polis, realizada em 2 de mar\u00e7o de 1979, conforme termo de abertura assinado pelo Secretario da Educa\u00e7\u00e3o e Cultura, Professor M\u00e1rcio Cesar Moraes.&nbsp;&nbsp;Dez&#8230;<\/p>\n","protected":false},"author":1,"featured_media":297,"comment_status":"closed","ping_status":"closed","sticky":false,"template":"","format":"standard","meta":[],"categories":[1],"tags":[],"_links":{"self":[{"href":"http:\/\/blog.santoantonioimobiliaria.com.br\/index.php?rest_route=\/wp\/v2\/posts\/296"}],"collection":[{"href":"http:\/\/blog.santoantonioimobiliaria.com.br\/index.php?rest_route=\/wp\/v2\/posts"}],"about":[{"href":"http:\/\/blog.santoantonioimobiliaria.com.br\/index.php?rest_route=\/wp\/v2\/types\/post"}],"author":[{"embeddable":true,"href":"http:\/\/blog.santoantonioimobiliaria.com.br\/index.php?rest_route=\/wp\/v2\/users\/1"}],"replies":[{"embeddable":true,"href":"http:\/\/blog.santoantonioimobiliaria.com.br\/index.php?rest_route=%2Fwp%2Fv2%2Fcomments&post=296"}],"version-history":[{"count":1,"href":"http:\/\/blog.santoantonioimobiliaria.com.br\/index.php?rest_route=\/wp\/v2\/posts\/296\/revisions"}],"predecessor-version":[{"id":298,"href":"http:\/\/blog.santoantonioimobiliaria.com.br\/index.php?rest_route=\/wp\/v2\/posts\/296\/revisions\/298"}],"wp:featuredmedia":[{"embeddable":true,"href":"http:\/\/blog.santoantonioimobiliaria.com.br\/index.php?rest_route=\/wp\/v2\/media\/297"}],"wp:attachment":[{"href":"http:\/\/blog.santoantonioimobiliaria.com.br\/index.php?rest_route=%2Fwp%2Fv2%2Fmedia&parent=296"}],"wp:term":[{"taxonomy":"category","embeddable":true,"href":"http:\/\/blog.santoantonioimobiliaria.com.br\/index.php?rest_route=%2Fwp%2Fv2%2Fcategories&post=296"},{"taxonomy":"post_tag","embeddable":true,"href":"http:\/\/blog.santoantonioimobiliaria.com.br\/index.php?rest_route=%2Fwp%2Fv2%2Ftags&post=296"}],"curies":[{"name":"wp","href":"https:\/\/api.w.org\/{rel}","templated":true}]}}