{"id":368,"date":"2023-09-06T09:00:00","date_gmt":"2023-09-06T12:00:00","guid":{"rendered":"http:\/\/blog.santoantonioimobiliaria.com.br\/?p=368"},"modified":"2023-09-05T16:28:10","modified_gmt":"2023-09-05T19:28:10","slug":"festa-do-divino-celebracao-e-uniao-transformam-as-ruas-de-santo-antonio-de-lisboa","status":"publish","type":"post","link":"http:\/\/blog.santoantonioimobiliaria.com.br\/?p=368","title":{"rendered":"Festa do Divino: celebra\u00e7\u00e3o e uni\u00e3o transformam as ruas de Santo Ant\u00f4nio de Lisboa!"},"content":{"rendered":"\n<p>Voc\u00ea sabia? A festa do Divino Esp\u00edrito Santo \u00e9 uma celebra\u00e7\u00e3o religiosa e cultural que tem ra\u00edzes fundamentadas na tradi\u00e7\u00e3o cat\u00f3lica, mas \u00e9 amplamente celebrada em muitas regi\u00f5es do Brasil e de outros lugares do mundo.<\/p>\n\n\n\n<p>Nessa festa, os devotos homenageiam o Divino Esp\u00edrito Santo, considerado a terceira pessoa da Sant\u00edssima Trindade na f\u00e9 cat\u00f3lica. Os rituais incluem novenas, prociss\u00f5es, missas e a coroa\u00e7\u00e3o do imperador do Divino, que \u00e9 uma figura central na festa. A comida tamb\u00e9m desempenha um papel importante, como a partilha de alimentos, entre a comunidade. A Festa do Divino \u00e9 marcada por grande devo\u00e7\u00e3o religiosa e festividades populares, onde as comunidades se re\u00fanem para celebrar, fortalecer os la\u00e7os sociais e preservar tradi\u00e7\u00f5es culturais. \u00c9 uma festa rica em simbolismo e hist\u00f3ria que varia em detalhes de acordo com a regi\u00e3o do Brasil em que \u00e9 celebrada.<\/p>\n\n\n\n<p>E n\u00e3o poderia ser diferente em Santo Ant\u00f4nio de Lisboa! Aqui, a festa come\u00e7a no dia 23 Agosto e termina somente no dia 10 de Setembro de 2023, com uma programa\u00e7\u00e3o especial preparada com muito carinho a todos. Um diferencial, \u00e9 que neste per\u00edodo tamb\u00e9m ser\u00e1 comemorado a festa de Nossa Senhora das Necessidades, representada atrav\u00e9s de uma edifica\u00e7\u00e3o hist\u00f3rica localizada na sede do distrito de Santo Ant\u00f4nio de Lisboa, que foi constru\u00edda entre 1750 e 1756.<\/p>\n\n\n\n<p>Quer ficar por dentro da programa\u00e7\u00e3o da festa? Confira o perfil: @festadodivino.stoantonio e descubra.<\/p>\n\n\n\n<p> Incr\u00edvel, n\u00e3o \u00e9 mesmo? Uma festa cheia de gastronomia, tradi\u00e7\u00e3o e uni\u00e3o. N\u00e3o perca essa oportunidade.Aproveite para comemorar essa tradi\u00e7\u00e3o em Santo Ant\u00f4nio de Lisboa! <\/p>\n\n\n\n<p>Quer morar pertinho de incr\u00edveis eventos culturais e hist\u00f3ricos? Essa \u00e9 a chance perfeita para voc\u00ea! Vem pra Santo Ant\u00f4nio Imobili\u00e1ria e encontre o im\u00f3vel ideal para toda a sua fam\u00edlia.<\/p>\n","protected":false},"excerpt":{"rendered":"<p>Voc\u00ea sabia? A festa do Divino Esp\u00edrito Santo \u00e9 uma celebra\u00e7\u00e3o religiosa e cultural que tem ra\u00edzes fundamentadas na tradi\u00e7\u00e3o cat\u00f3lica, mas \u00e9 amplamente celebrada em muitas regi\u00f5es do Brasil e de outros lugares do mundo. Nessa festa, os devotos homenageiam o Divino Esp\u00edrito Santo, considerado a terceira pessoa da&#8230;<\/p>\n","protected":false},"author":1,"featured_media":369,"comment_status":"closed","ping_status":"closed","sticky":false,"template":"","format":"standard","meta":[],"categories":[12],"tags":[],"_links":{"self":[{"href":"http:\/\/blog.santoantonioimobiliaria.com.br\/index.php?rest_route=\/wp\/v2\/posts\/368"}],"collection":[{"href":"http:\/\/blog.santoantonioimobiliaria.com.br\/index.php?rest_route=\/wp\/v2\/posts"}],"about":[{"href":"http:\/\/blog.santoantonioimobiliaria.com.br\/index.php?rest_route=\/wp\/v2\/types\/post"}],"author":[{"embeddable":true,"href":"http:\/\/blog.santoantonioimobiliaria.com.br\/index.php?rest_route=\/wp\/v2\/users\/1"}],"replies":[{"embeddable":true,"href":"http:\/\/blog.santoantonioimobiliaria.com.br\/index.php?rest_route=%2Fwp%2Fv2%2Fcomments&post=368"}],"version-history":[{"count":1,"href":"http:\/\/blog.santoantonioimobiliaria.com.br\/index.php?rest_route=\/wp\/v2\/posts\/368\/revisions"}],"predecessor-version":[{"id":370,"href":"http:\/\/blog.santoantonioimobiliaria.com.br\/index.php?rest_route=\/wp\/v2\/posts\/368\/revisions\/370"}],"wp:featuredmedia":[{"embeddable":true,"href":"http:\/\/blog.santoantonioimobiliaria.com.br\/index.php?rest_route=\/wp\/v2\/media\/369"}],"wp:attachment":[{"href":"http:\/\/blog.santoantonioimobiliaria.com.br\/index.php?rest_route=%2Fwp%2Fv2%2Fmedia&parent=368"}],"wp:term":[{"taxonomy":"category","embeddable":true,"href":"http:\/\/blog.santoantonioimobiliaria.com.br\/index.php?rest_route=%2Fwp%2Fv2%2Fcategories&post=368"},{"taxonomy":"post_tag","embeddable":true,"href":"http:\/\/blog.santoantonioimobiliaria.com.br\/index.php?rest_route=%2Fwp%2Fv2%2Ftags&post=368"}],"curies":[{"name":"wp","href":"https:\/\/api.w.org\/{rel}","templated":true}]}}