{"id":91,"date":"2022-03-09T15:00:37","date_gmt":"2022-03-09T18:00:37","guid":{"rendered":"http:\/\/blog.santoantonioimobiliaria.com.br\/?p=91"},"modified":"2022-03-09T15:13:01","modified_gmt":"2022-03-09T18:13:01","slug":"especial-praias-praia-do-forte","status":"publish","type":"post","link":"http:\/\/blog.santoantonioimobiliaria.com.br\/?p=91","title":{"rendered":"ESPECIAL PRAIAS: PRAIA DO FORTE"},"content":{"rendered":"\n<p>Continuando com o Especial Praias da Santo Ant\u00f4nio, \u00e9 a vez de apresentarmos a Praia do Forte. Ela ganhou este nome, porque em 1740 foi constru\u00edda uma fortaleza militar na regi\u00e3o.<br>Perfeita para passar o dia com crian\u00e7as e amigos, a Praia do Forte possui extensa faixa de areia ao longo de 1,3 km de extens\u00e3o. Ou seja, \u00e9 ideal para voc\u00ea e sua fam\u00edlia instalarem suas cadeiras, cangas e guarda-s\u00f3is para passarem um dia tranquilo.<br>Em uma localiza\u00e7\u00e3o entre a ba\u00eda norte e o alto mar, as \u00e1guas s\u00e3o calmas e rasas, com temperatura agrad\u00e1vel.<br>Por ser uma regi\u00e3o de cultivo de ostras e mariscos, a paisagem da praia \u00e9 composta por barcos de pescadores. A vantagem disso \u00e9 que os restaurantes tem frutos do mar frescos para matar a sua fome.<br>O bairro \u00e9 bastante residencial, o que torna muito tranquilo morar aqui. Mesmo com a tranquilidade da Praia do Forte, ela \u00e9 vizinha de Jurer\u00ea Internacional. Ent\u00e3o, para quem quiser curtir os agitos de uma praia mais movimentada, bastam alguns minutos de carro at\u00e9 Jurer\u00ea ou as demais praias da regi\u00e3o norte de Florian\u00f3polis.<br>Quer encontrar um im\u00f3vel na Praia do Forte?<br>A Imobili\u00e1ria Santo Ant\u00f4nio est\u00e1 aqui para te ajudar. Fale com a gente e fa\u00e7a o melhor neg\u00f3cio.<\/p>\n","protected":false},"excerpt":{"rendered":"<p>Continuando com o Especial Praias da Santo Ant\u00f4nio, \u00e9 a vez de apresentarmos a Praia do Forte. Ela ganhou este nome, porque em 1740 foi constru\u00edda uma fortaleza militar na regi\u00e3o.Perfeita para passar o dia com crian\u00e7as e amigos, a Praia do Forte possui extensa faixa de areia ao longo&#8230;<\/p>\n","protected":false},"author":1,"featured_media":95,"comment_status":"closed","ping_status":"closed","sticky":false,"template":"","format":"standard","meta":[],"categories":[1],"tags":[],"_links":{"self":[{"href":"http:\/\/blog.santoantonioimobiliaria.com.br\/index.php?rest_route=\/wp\/v2\/posts\/91"}],"collection":[{"href":"http:\/\/blog.santoantonioimobiliaria.com.br\/index.php?rest_route=\/wp\/v2\/posts"}],"about":[{"href":"http:\/\/blog.santoantonioimobiliaria.com.br\/index.php?rest_route=\/wp\/v2\/types\/post"}],"author":[{"embeddable":true,"href":"http:\/\/blog.santoantonioimobiliaria.com.br\/index.php?rest_route=\/wp\/v2\/users\/1"}],"replies":[{"embeddable":true,"href":"http:\/\/blog.santoantonioimobiliaria.com.br\/index.php?rest_route=%2Fwp%2Fv2%2Fcomments&post=91"}],"version-history":[{"count":1,"href":"http:\/\/blog.santoantonioimobiliaria.com.br\/index.php?rest_route=\/wp\/v2\/posts\/91\/revisions"}],"predecessor-version":[{"id":93,"href":"http:\/\/blog.santoantonioimobiliaria.com.br\/index.php?rest_route=\/wp\/v2\/posts\/91\/revisions\/93"}],"wp:featuredmedia":[{"embeddable":true,"href":"http:\/\/blog.santoantonioimobiliaria.com.br\/index.php?rest_route=\/wp\/v2\/media\/95"}],"wp:attachment":[{"href":"http:\/\/blog.santoantonioimobiliaria.com.br\/index.php?rest_route=%2Fwp%2Fv2%2Fmedia&parent=91"}],"wp:term":[{"taxonomy":"category","embeddable":true,"href":"http:\/\/blog.santoantonioimobiliaria.com.br\/index.php?rest_route=%2Fwp%2Fv2%2Fcategories&post=91"},{"taxonomy":"post_tag","embeddable":true,"href":"http:\/\/blog.santoantonioimobiliaria.com.br\/index.php?rest_route=%2Fwp%2Fv2%2Ftags&post=91"}],"curies":[{"name":"wp","href":"https:\/\/api.w.org\/{rel}","templated":true}]}}